{"id":1118,"date":"2024-10-28T11:46:09","date_gmt":"2024-10-28T11:46:09","guid":{"rendered":"https:\/\/ineshellmund.com\/?p=1118"},"modified":"2026-09-03T14:18:33","modified_gmt":"2026-09-03T14:18:33","slug":"cartel-exposicion-fotografica","status":"publish","type":"post","link":"https:\/\/ineshellmund.com\/en\/cartel-exposicion-fotografica\/","title":{"rendered":"Cartel momentos de luz"},"content":{"rendered":"<div data-elementor-type=\"wp-post\" data-elementor-id=\"1118\" class=\"elementor elementor-1118\" data-elementor-post-type=\"post\">\n\t\t\t\t<div class=\"elementor-element elementor-element-7c3a594 e-flex e-con-boxed e-con e-parent\" data-id=\"7c3a594\" data-element_type=\"container\" data-e-type=\"container\">\n\t\t\t\t\t<div class=\"e-con-inner\">\n\t\t<div class=\"elementor-element elementor-element-4857689 e-con-full e-flex e-con e-child\" data-id=\"4857689\" data-element_type=\"container\" data-e-type=\"container\">\n\t\t\t\t<div class=\"elementor-element elementor-element-e90f709 elementor-widget elementor-widget-heading\" data-id=\"e90f709\" data-element_type=\"widget\" data-e-type=\"widget\" data-widget_type=\"heading.default\">\n\t\t\t\t<div class=\"elementor-widget-container\">\n\t\t\t\t\t<h2 class=\"elementor-heading-title elementor-size-default\">Cartel momentos de luz<\/h2>\t\t\t\t<\/div>\n\t\t\t\t<\/div>\n\t\t\t\t<\/div>\n\t\t\t\t\t<\/div>\n\t\t\t\t<\/div>\n\t\t<div class=\"elementor-element elementor-element-ad5c8a2 e-flex e-con-boxed e-con e-parent\" data-id=\"ad5c8a2\" data-element_type=\"container\" data-e-type=\"container\">\n\t\t\t\t\t<div class=\"e-con-inner\">\n\t\t<div class=\"elementor-element elementor-element-69fb5e6 e-con-full e-flex e-con e-child\" data-id=\"69fb5e6\" data-element_type=\"container\" data-e-type=\"container\">\n\t\t\t\t<div class=\"elementor-element elementor-element-f3373af elementor-widget elementor-widget-text-editor\" data-id=\"f3373af\" data-element_type=\"widget\" data-e-type=\"widget\" data-widget_type=\"text-editor.default\">\n\t\t\t\t<div class=\"elementor-widget-container\">\n\t\t\t\t\t\t\t\t\t<p style=\"font-weight: 400;\"><strong>YEAR:<\/strong>\u00a02022<\/p><p style=\"font-weight: 400;\"><strong>CLIENT:<\/strong> Colecci\u00f3n privada Carmen Tur\u00e9gano<\/p><p style=\"font-weight: 400;\"><strong>CATEGORY: <\/strong>Carteler\u00eda, dise\u00f1o publicitario<\/p>\t\t\t\t\t\t\t\t<\/div>\n\t\t\t\t<\/div>\n\t\t\t\t<div class=\"elementor-element elementor-element-b15d3da elementor-widget elementor-widget-progress\" data-id=\"b15d3da\" data-element_type=\"widget\" data-e-type=\"widget\" data-widget_type=\"progress.default\">\n\t\t\t\t<div class=\"elementor-widget-container\">\n\t\t\t\t\t\t\t\t<span class=\"elementor-title\" id=\"elementor-progress-bar-b15d3da\">\n\t\t\t\tINDESIGN\t\t\t<\/span>\n\t\t\n\t\t<div aria-labelledby=\"elementor-progress-bar-b15d3da\" class=\"elementor-progress-wrapper\" role=\"progressbar\" aria-valuemin=\"0\" aria-valuemax=\"100\" aria-valuenow=\"80\">\n\t\t\t<div class=\"elementor-progress-bar\" data-max=\"80\">\n\t\t\t\t<span class=\"elementor-progress-text\"><\/span>\n\t\t\t\t\t\t\t<\/div>\n\t\t<\/div>\n\t\t\t\t\t\t<\/div>\n\t\t\t\t<\/div>\n\t\t\t\t<div class=\"elementor-element elementor-element-56dd8f6 elementor-widget elementor-widget-progress\" data-id=\"56dd8f6\" data-element_type=\"widget\" data-e-type=\"widget\" data-widget_type=\"progress.default\">\n\t\t\t\t<div class=\"elementor-widget-container\">\n\t\t\t\t\t\t\t\t<span class=\"elementor-title\" id=\"elementor-progress-bar-56dd8f6\">\n\t\t\t\tPHOTOSHOP\t\t\t<\/span>\n\t\t\n\t\t<div aria-labelledby=\"elementor-progress-bar-56dd8f6\" class=\"elementor-progress-wrapper\" role=\"progressbar\" aria-valuemin=\"0\" aria-valuemax=\"100\" aria-valuenow=\"20\">\n\t\t\t<div class=\"elementor-progress-bar\" data-max=\"20\">\n\t\t\t\t<span class=\"elementor-progress-text\"><\/span>\n\t\t\t\t\t\t\t<\/div>\n\t\t<\/div>\n\t\t\t\t\t\t<\/div>\n\t\t\t\t<\/div>\n\t\t\t\t<\/div>\n\t\t<div class=\"elementor-element elementor-element-926e527 e-con-full e-flex e-con e-child\" data-id=\"926e527\" data-element_type=\"container\" data-e-type=\"container\">\n\t\t\t\t<div class=\"elementor-element elementor-element-190d9d1 elementor-widget elementor-widget-text-editor\" data-id=\"190d9d1\" data-element_type=\"widget\" data-e-type=\"widget\" data-widget_type=\"text-editor.default\">\n\t\t\t\t<div class=\"elementor-widget-container\">\n\t\t\t\t\t\t\t\t\t<p>Este cartel fue dise\u00f1ado para una <strong>exposici\u00f3n de fotograf\u00edas<\/strong> en blanco y negro, capturadas entre <strong>1968 y 1972<\/strong> en un pueblo de Cuenca. En el centro del cartel, se presenta una imagen de la autora de las fotograf\u00edas, destacada por un marco rosa p\u00e1lido que evoca el estilo de una cl\u00e1sica foto <strong>Polaroid<\/strong>, aportando un toque nost\u00e1lgico y personal.<\/p><p>Se utiliz\u00f3 una <strong>tipograf\u00eda<\/strong> <strong>sans serif<\/strong> de trazos simples, en contraste con el car\u00e1cter hist\u00f3rico de las fotograf\u00edas.<\/p><p>El t\u00edtulo, \u201cMomentos de Luz\u201d, alude a los instantes capturados en cada fotograf\u00eda, llenos de <strong>historia y sensibilidad<\/strong>. Este proyecto busc\u00f3 lograr una armon\u00eda visual entre lo <strong>nost\u00e1lgico y lo moderno<\/strong>, haciendo que el cartel invite al espectador a explorar el pasado con una mirada renovada.<\/p>\t\t\t\t\t\t\t\t<\/div>\n\t\t\t\t<\/div>\n\t\t\t\t<\/div>\n\t\t\t\t\t<\/div>\n\t\t\t\t<\/div>\n\t\t<div class=\"elementor-element elementor-element-32cd225 e-con-full e-flex e-con e-parent\" data-id=\"32cd225\" data-element_type=\"container\" data-e-type=\"container\">\n\t\t\t\t<div class=\"elementor-element elementor-element-5da7600 elementor-widget__width-initial elementor-widget elementor-widget-image\" data-id=\"5da7600\" data-element_type=\"widget\" data-e-type=\"widget\" data-widget_type=\"image.default\">\n\t\t\t\t<div class=\"elementor-widget-container\">\n\t\t\t\t\t\t\t\t\t\t\t\t\t\t\t<img fetchpriority=\"high\" decoding=\"async\" width=\"2048\" height=\"2048\" src=\"https:\/\/ineshellmund.com\/wp-content\/uploads\/2024\/10\/Cartel-Amalia-ines-hellmund.webp\" class=\"attachment-full size-full wp-image-1119\" alt=\"\" srcset=\"https:\/\/ineshellmund.com\/wp-content\/uploads\/2024\/10\/Cartel-Amalia-ines-hellmund.webp 2048w, https:\/\/ineshellmund.com\/wp-content\/uploads\/2024\/10\/Cartel-Amalia-ines-hellmund-300x300.webp 300w, https:\/\/ineshellmund.com\/wp-content\/uploads\/2024\/10\/Cartel-Amalia-ines-hellmund-1024x1024.webp 1024w, https:\/\/ineshellmund.com\/wp-content\/uploads\/2024\/10\/Cartel-Amalia-ines-hellmund-150x150.webp 150w, https:\/\/ineshellmund.com\/wp-content\/uploads\/2024\/10\/Cartel-Amalia-ines-hellmund-768x768.webp 768w, https:\/\/ineshellmund.com\/wp-content\/uploads\/2024\/10\/Cartel-Amalia-ines-hellmund-1536x1536.webp 1536w\" sizes=\"(max-width: 2048px) 100vw, 2048px\" \/>\t\t\t\t\t\t\t\t\t\t\t\t\t\t\t<\/div>\n\t\t\t\t<\/div>\n\t\t\t\t<\/div>\n\t\t<div class=\"elementor-element elementor-element-1c8a99a e-con-full e-flex e-con e-parent\" data-id=\"1c8a99a\" data-element_type=\"container\" data-e-type=\"container\">\n\t\t\t\t<div class=\"elementor-element elementor-element-2a5c82d elementor-widget elementor-widget-image\" data-id=\"2a5c82d\" data-element_type=\"widget\" data-e-type=\"widget\" data-widget_type=\"image.default\">\n\t\t\t\t<div class=\"elementor-widget-container\">\n\t\t\t\t\t\t\t\t\t\t\t\t\t\t\t<img decoding=\"async\" width=\"727\" height=\"1024\" src=\"https:\/\/ineshellmund.com\/wp-content\/uploads\/2024\/10\/Cartel-Amalia-ines-hellmund2-727x1024.webp\" class=\"attachment-large size-large wp-image-1148\" alt=\"\" srcset=\"https:\/\/ineshellmund.com\/wp-content\/uploads\/2024\/10\/Cartel-Amalia-ines-hellmund2-727x1024.webp 727w, https:\/\/ineshellmund.com\/wp-content\/uploads\/2024\/10\/Cartel-Amalia-ines-hellmund2-213x300.webp 213w, https:\/\/ineshellmund.com\/wp-content\/uploads\/2024\/10\/Cartel-Amalia-ines-hellmund2-768x1081.webp 768w, https:\/\/ineshellmund.com\/wp-content\/uploads\/2024\/10\/Cartel-Amalia-ines-hellmund2-1091x1536.webp 1091w, https:\/\/ineshellmund.com\/wp-content\/uploads\/2024\/10\/Cartel-Amalia-ines-hellmund2-1455x2048.webp 1455w, https:\/\/ineshellmund.com\/wp-content\/uploads\/2024\/10\/Cartel-Amalia-ines-hellmund2.webp 1598w\" sizes=\"(max-width: 727px) 100vw, 727px\" \/>\t\t\t\t\t\t\t\t\t\t\t\t\t\t\t<\/div>\n\t\t\t\t<\/div>\n\t\t\t\t<\/div>\n\t\t<div class=\"elementor-element elementor-element-2accc69 e-flex e-con-boxed e-con e-parent\" data-id=\"2accc69\" data-element_type=\"container\" data-e-type=\"container\">\n\t\t\t\t\t<div class=\"e-con-inner\">\n\t\t\t\t<div class=\"elementor-element elementor-element-abfc5fc elementor-widget elementor-widget-heading\" data-id=\"abfc5fc\" data-element_type=\"widget\" data-e-type=\"widget\" data-widget_type=\"heading.default\">\n\t\t\t\t<div class=\"elementor-widget-container\">\n\t\t\t\t\t<h2 class=\"elementor-heading-title elementor-size-default\">Other projects<\/h2>\t\t\t\t<\/div>\n\t\t\t\t<\/div>\n\t\t\t\t\t<\/div>\n\t\t\t\t<\/div>\n\t\t<div class=\"elementor-element elementor-element-d9df6b3 e-con-full e-flex e-con e-parent\" data-id=\"d9df6b3\" data-element_type=\"container\" data-e-type=\"container\">\n\t\t\t\t<div class=\"elementor-element elementor-element-fcbd8f8 elementor-grid-tablet-3 elementor-grid-mobile-2 elementor-grid-3 elementor-posts--thumbnail-top elementor-widget elementor-widget-posts\" data-id=\"fcbd8f8\" data-element_type=\"widget\" data-e-type=\"widget\" data-settings=\"{&quot;classic_columns_tablet&quot;:&quot;3&quot;,&quot;classic_row_gap_mobile&quot;:{&quot;unit&quot;:&quot;px&quot;,&quot;size&quot;:10,&quot;sizes&quot;:[]},&quot;classic_columns_mobile&quot;:&quot;2&quot;,&quot;classic_columns&quot;:&quot;3&quot;,&quot;classic_row_gap&quot;:{&quot;unit&quot;:&quot;px&quot;,&quot;size&quot;:35,&quot;sizes&quot;:[]},&quot;classic_row_gap_tablet&quot;:{&quot;unit&quot;:&quot;px&quot;,&quot;size&quot;:&quot;&quot;,&quot;sizes&quot;:[]}}\" data-widget_type=\"posts.classic\">\n\t\t\t\t<div class=\"elementor-widget-container\">\n\t\t\t\t\t\t\t<div class=\"elementor-posts-container elementor-posts elementor-posts--skin-classic elementor-grid\" role=\"list\">\n\t\t\t\t<article class=\"elementor-post elementor-grid-item post-1118 post type-post status-publish format-standard has-post-thumbnail hentry category-carteleria category-diseno-publicitario\" role=\"listitem\">\n\t\t\t\t<a class=\"elementor-post__thumbnail__link\" href=\"https:\/\/ineshellmund.com\/en\/cartel-exposicion-fotografica\/\" tabindex=\"-1\" >\n\t\t\t<div class=\"elementor-post__thumbnail\"><img fetchpriority=\"high\" decoding=\"async\" width=\"2048\" height=\"2048\" src=\"https:\/\/ineshellmund.com\/wp-content\/uploads\/2024\/10\/Cartel-Amalia-ines-hellmund.webp\" class=\"attachment-full size-full wp-image-1119\" alt=\"\" srcset=\"https:\/\/ineshellmund.com\/wp-content\/uploads\/2024\/10\/Cartel-Amalia-ines-hellmund.webp 2048w, https:\/\/ineshellmund.com\/wp-content\/uploads\/2024\/10\/Cartel-Amalia-ines-hellmund-300x300.webp 300w, https:\/\/ineshellmund.com\/wp-content\/uploads\/2024\/10\/Cartel-Amalia-ines-hellmund-1024x1024.webp 1024w, https:\/\/ineshellmund.com\/wp-content\/uploads\/2024\/10\/Cartel-Amalia-ines-hellmund-150x150.webp 150w, https:\/\/ineshellmund.com\/wp-content\/uploads\/2024\/10\/Cartel-Amalia-ines-hellmund-768x768.webp 768w, https:\/\/ineshellmund.com\/wp-content\/uploads\/2024\/10\/Cartel-Amalia-ines-hellmund-1536x1536.webp 1536w\" sizes=\"(max-width: 2048px) 100vw, 2048px\" \/><\/div>\n\t\t<\/a>\n\t\t\t\t<div class=\"elementor-post__text\">\n\t\t\t\t<h3 class=\"elementor-post__title\">\n\t\t\t<a href=\"https:\/\/ineshellmund.com\/en\/cartel-exposicion-fotografica\/\" >\n\t\t\t\tCartel momentos de luz\t\t\t<\/a>\n\t\t<\/h3>\n\t\t\t\t<\/div>\n\t\t\t\t<\/article>\n\t\t\t\t<article class=\"elementor-post elementor-grid-item post-2091 post type-post status-publish format-standard has-post-thumbnail hentry category-branding\" role=\"listitem\">\n\t\t\t\t<a class=\"elementor-post__thumbnail__link\" href=\"https:\/\/ineshellmund.com\/en\/branding-roots\/\" tabindex=\"-1\" >\n\t\t\t<div class=\"elementor-post__thumbnail\"><img decoding=\"async\" width=\"2560\" height=\"1920\" src=\"https:\/\/ineshellmund.com\/wp-content\/uploads\/2025\/03\/Orange-bag-scaled.webp\" class=\"attachment-full size-full wp-image-2100\" alt=\"\" srcset=\"https:\/\/ineshellmund.com\/wp-content\/uploads\/2025\/03\/Orange-bag-scaled.webp 2560w, https:\/\/ineshellmund.com\/wp-content\/uploads\/2025\/03\/Orange-bag-300x225.webp 300w, https:\/\/ineshellmund.com\/wp-content\/uploads\/2025\/03\/Orange-bag-1024x768.webp 1024w, https:\/\/ineshellmund.com\/wp-content\/uploads\/2025\/03\/Orange-bag-768x576.webp 768w, https:\/\/ineshellmund.com\/wp-content\/uploads\/2025\/03\/Orange-bag-1536x1152.webp 1536w, https:\/\/ineshellmund.com\/wp-content\/uploads\/2025\/03\/Orange-bag-2048x1536.webp 2048w\" sizes=\"(max-width: 2560px) 100vw, 2560px\" \/><\/div>\n\t\t<\/a>\n\t\t\t\t<div class=\"elementor-post__text\">\n\t\t\t\t<h3 class=\"elementor-post__title\">\n\t\t\t<a href=\"https:\/\/ineshellmund.com\/en\/branding-roots\/\" >\n\t\t\t\tBranding Roots\t\t\t<\/a>\n\t\t<\/h3>\n\t\t\t\t<\/div>\n\t\t\t\t<\/article>\n\t\t\t\t<article class=\"elementor-post elementor-grid-item post-177 post type-post status-publish format-standard has-post-thumbnail hentry category-diseno-editorial\" role=\"listitem\">\n\t\t\t\t<a class=\"elementor-post__thumbnail__link\" href=\"https:\/\/ineshellmund.com\/en\/coleccion-de-libros\/\" tabindex=\"-1\" >\n\t\t\t<div class=\"elementor-post__thumbnail\"><img loading=\"lazy\" decoding=\"async\" width=\"2560\" height=\"1708\" src=\"https:\/\/ineshellmund.com\/wp-content\/uploads\/2024\/10\/diseno-libro-portada-2-libros-scaled.webp\" class=\"attachment-full size-full wp-image-178\" alt=\"\" srcset=\"https:\/\/ineshellmund.com\/wp-content\/uploads\/2024\/10\/diseno-libro-portada-2-libros-scaled.webp 2560w, https:\/\/ineshellmund.com\/wp-content\/uploads\/2024\/10\/diseno-libro-portada-2-libros-300x200.webp 300w, https:\/\/ineshellmund.com\/wp-content\/uploads\/2024\/10\/diseno-libro-portada-2-libros-1024x683.webp 1024w, https:\/\/ineshellmund.com\/wp-content\/uploads\/2024\/10\/diseno-libro-portada-2-libros-768x512.webp 768w, https:\/\/ineshellmund.com\/wp-content\/uploads\/2024\/10\/diseno-libro-portada-2-libros-1536x1025.webp 1536w, https:\/\/ineshellmund.com\/wp-content\/uploads\/2024\/10\/diseno-libro-portada-2-libros-2048x1366.webp 2048w\" sizes=\"(max-width: 2560px) 100vw, 2560px\" \/><\/div>\n\t\t<\/a>\n\t\t\t\t<div class=\"elementor-post__text\">\n\t\t\t\t<h3 class=\"elementor-post__title\">\n\t\t\t<a href=\"https:\/\/ineshellmund.com\/en\/coleccion-de-libros\/\" >\n\t\t\t\tBook collection\t\t\t<\/a>\n\t\t<\/h3>\n\t\t\t\t<\/div>\n\t\t\t\t<\/article>\n\t\t\t\t<article class=\"elementor-post elementor-grid-item post-613 post type-post status-publish format-video has-post-thumbnail hentry category-diseno-editorial post_format-post-format-video\" role=\"listitem\">\n\t\t\t\t<a class=\"elementor-post__thumbnail__link\" href=\"https:\/\/ineshellmund.com\/en\/revista-i-he\/\" tabindex=\"-1\" >\n\t\t\t<div class=\"elementor-post__thumbnail\"><img loading=\"lazy\" decoding=\"async\" width=\"1244\" height=\"700\" src=\"https:\/\/ineshellmund.com\/wp-content\/uploads\/2024\/10\/I-HE_Revista-3.gif\" class=\"attachment-full size-full wp-image-1716\" alt=\"\" \/><\/div>\n\t\t<\/a>\n\t\t\t\t<div class=\"elementor-post__text\">\n\t\t\t\t<h3 class=\"elementor-post__title\">\n\t\t\t<a href=\"https:\/\/ineshellmund.com\/en\/revista-i-he\/\" >\n\t\t\t\tI-HE Magazine\t\t\t<\/a>\n\t\t<\/h3>\n\t\t\t\t<\/div>\n\t\t\t\t<\/article>\n\t\t\t\t<article class=\"elementor-post elementor-grid-item post-472 post type-post status-publish format-standard has-post-thumbnail hentry category-carteleria category-diseno-publicitario\" role=\"listitem\">\n\t\t\t\t<a class=\"elementor-post__thumbnail__link\" href=\"https:\/\/ineshellmund.com\/en\/diseno-cartel-identidad-barcelona\/\" tabindex=\"-1\" >\n\t\t\t<div class=\"elementor-post__thumbnail\"><img loading=\"lazy\" decoding=\"async\" width=\"1250\" height=\"800\" src=\"https:\/\/ineshellmund.com\/wp-content\/uploads\/2024\/10\/Cartel-barcelona-ines-hellmund.webp\" class=\"attachment-full size-full wp-image-474\" alt=\"\" srcset=\"https:\/\/ineshellmund.com\/wp-content\/uploads\/2024\/10\/Cartel-barcelona-ines-hellmund.webp 1250w, https:\/\/ineshellmund.com\/wp-content\/uploads\/2024\/10\/Cartel-barcelona-ines-hellmund-300x192.webp 300w, https:\/\/ineshellmund.com\/wp-content\/uploads\/2024\/10\/Cartel-barcelona-ines-hellmund-1024x655.webp 1024w, https:\/\/ineshellmund.com\/wp-content\/uploads\/2024\/10\/Cartel-barcelona-ines-hellmund-768x492.webp 768w\" sizes=\"(max-width: 1250px) 100vw, 1250px\" \/><\/div>\n\t\t<\/a>\n\t\t\t\t<div class=\"elementor-post__text\">\n\t\t\t\t<h3 class=\"elementor-post__title\">\n\t\t\t<a href=\"https:\/\/ineshellmund.com\/en\/diseno-cartel-identidad-barcelona\/\" >\n\t\t\t\tCartel Identidad Barcelona\t\t\t<\/a>\n\t\t<\/h3>\n\t\t\t\t<\/div>\n\t\t\t\t<\/article>\n\t\t\t\t<article class=\"elementor-post elementor-grid-item post-1426 post type-post status-publish format-standard has-post-thumbnail hentry category-animacion-3d category-diseno-publicitario\" role=\"listitem\">\n\t\t\t\t<a class=\"elementor-post__thumbnail__link\" href=\"https:\/\/ineshellmund.com\/en\/divisio-branding\/\" tabindex=\"-1\" >\n\t\t\t<div class=\"elementor-post__thumbnail\"><img loading=\"lazy\" decoding=\"async\" width=\"1422\" height=\"800\" src=\"https:\/\/ineshellmund.com\/wp-content\/uploads\/2024\/11\/Portada-divisio-ines-hellmund.gif\" class=\"attachment-full size-full wp-image-1465\" alt=\"\" \/><\/div>\n\t\t<\/a>\n\t\t\t\t<div class=\"elementor-post__text\">\n\t\t\t\t<h3 class=\"elementor-post__title\">\n\t\t\t<a href=\"https:\/\/ineshellmund.com\/en\/divisio-branding\/\" >\n\t\t\t\tDivisio\t\t\t<\/a>\n\t\t<\/h3>\n\t\t\t\t<\/div>\n\t\t\t\t<\/article>\n\t\t\t\t<\/div>\n\t\t\n\t\t\t\t\t\t<\/div>\n\t\t\t\t<\/div>\n\t\t\t\t<\/div>\n\t\t\t\t<\/div>","protected":false},"excerpt":{"rendered":"<p>Cartel momentos de luz A\u00d1O:\u00a02022 CLIENTE: Colecci\u00f3n privada Carmen Tur\u00e9gano CATEGOR\u00cdA: Carteler\u00eda, dise\u00f1o publicitario INDESIGN PHOTOSHOP Este cartel fue dise\u00f1ado para una exposici\u00f3n de fotograf\u00edas<\/p>","protected":false},"author":1,"featured_media":1119,"comment_status":"closed","ping_status":"open","sticky":false,"template":"elementor_header_footer","format":"standard","meta":{"footnotes":""},"categories":[9,13],"tags":[],"class_list":["post-1118","post","type-post","status-publish","format-standard","has-post-thumbnail","hentry","category-carteleria","category-diseno-publicitario"],"yoast_head":"<!-- This site is optimized with the Yoast SEO plugin v28.4 - https:\/\/yoast.com\/product\/yoast-seo-wordpress\/ -->\n<title>Cartel momentos de luz - ineshellmund.com<\/title>\n<meta name=\"robots\" content=\"index, follow, max-snippet:-1, max-image-preview:large, max-video-preview:-1\" \/>\n<link rel=\"canonical\" href=\"https:\/\/ineshellmund.com\/en\/cartel-exposicion-fotografica\/\" \/>\n<meta property=\"og:locale\" content=\"en_US\" \/>\n<meta property=\"og:type\" content=\"article\" \/>\n<meta property=\"og:title\" content=\"Cartel momentos de luz - ineshellmund.com\" \/>\n<meta property=\"og:description\" content=\"Cartel momentos de luz A\u00d1O:\u00a02022 CLIENTE: Colecci\u00f3n privada Carmen Tur\u00e9gano CATEGOR\u00cdA: Carteler\u00eda, dise\u00f1o publicitario INDESIGN PHOTOSHOP Este cartel fue dise\u00f1ado para una exposici\u00f3n de fotograf\u00edas\" \/>\n<meta property=\"og:url\" content=\"https:\/\/ineshellmund.com\/en\/cartel-exposicion-fotografica\/\" \/>\n<meta property=\"og:site_name\" content=\"ineshellmund.com\" \/>\n<meta property=\"article:published_time\" content=\"2024-10-28T11:46:09+00:00\" \/>\n<meta property=\"article:modified_time\" content=\"2026-09-03T14:18:33+00:00\" \/>\n<meta property=\"og:image\" content=\"https:\/\/ineshellmund.com\/wp-content\/uploads\/2024\/10\/Cartel-Amalia-ines-hellmund.webp\" \/>\n\t<meta property=\"og:image:width\" content=\"2048\" \/>\n\t<meta property=\"og:image:height\" content=\"2048\" \/>\n\t<meta property=\"og:image:type\" content=\"image\/webp\" \/>\n<meta name=\"author\" content=\"inhellmund@hotmail.es\" \/>\n<meta name=\"twitter:card\" content=\"summary_large_image\" \/>\n<meta name=\"twitter:label1\" content=\"Written by\" \/>\n\t<meta name=\"twitter:data1\" content=\"inhellmund@hotmail.es\" \/>\n\t<meta name=\"twitter:label2\" content=\"Est. reading time\" \/>\n\t<meta name=\"twitter:data2\" content=\"3 minutes\" \/>\n<script type=\"application\/ld+json\" class=\"yoast-schema-graph\">{\"@context\":\"https:\\\/\\\/schema.org\",\"@graph\":[{\"@type\":\"Article\",\"@id\":\"https:\\\/\\\/ineshellmund.com\\\/cartel-exposicion-fotografica\\\/#article\",\"isPartOf\":{\"@id\":\"https:\\\/\\\/ineshellmund.com\\\/cartel-exposicion-fotografica\\\/\"},\"author\":{\"name\":\"inhellmund@hotmail.es\",\"@id\":\"https:\\\/\\\/ineshellmund.com\\\/#\\\/schema\\\/person\\\/f6d92807f8b21d38dbbc6025e180fd6a\"},\"headline\":\"Cartel momentos de luz\",\"datePublished\":\"2024-10-28T11:46:09+00:00\",\"dateModified\":\"2026-09-03T14:18:33+00:00\",\"mainEntityOfPage\":{\"@id\":\"https:\\\/\\\/ineshellmund.com\\\/cartel-exposicion-fotografica\\\/\"},\"wordCount\":164,\"publisher\":{\"@id\":\"https:\\\/\\\/ineshellmund.com\\\/#organization\"},\"image\":{\"@id\":\"https:\\\/\\\/ineshellmund.com\\\/cartel-exposicion-fotografica\\\/#primaryimage\"},\"thumbnailUrl\":\"https:\\\/\\\/ineshellmund.com\\\/wp-content\\\/uploads\\\/2024\\\/10\\\/Cartel-Amalia-ines-hellmund.webp\",\"articleSection\":[\"Carteler\u00eda\",\"Dise\u00f1o publicitario\"],\"inLanguage\":\"en-US\"},{\"@type\":\"WebPage\",\"@id\":\"https:\\\/\\\/ineshellmund.com\\\/cartel-exposicion-fotografica\\\/\",\"url\":\"https:\\\/\\\/ineshellmund.com\\\/cartel-exposicion-fotografica\\\/\",\"name\":\"Cartel momentos de luz - ineshellmund.com\",\"isPartOf\":{\"@id\":\"https:\\\/\\\/ineshellmund.com\\\/#website\"},\"primaryImageOfPage\":{\"@id\":\"https:\\\/\\\/ineshellmund.com\\\/cartel-exposicion-fotografica\\\/#primaryimage\"},\"image\":{\"@id\":\"https:\\\/\\\/ineshellmund.com\\\/cartel-exposicion-fotografica\\\/#primaryimage\"},\"thumbnailUrl\":\"https:\\\/\\\/ineshellmund.com\\\/wp-content\\\/uploads\\\/2024\\\/10\\\/Cartel-Amalia-ines-hellmund.webp\",\"datePublished\":\"2024-10-28T11:46:09+00:00\",\"dateModified\":\"2026-09-03T14:18:33+00:00\",\"breadcrumb\":{\"@id\":\"https:\\\/\\\/ineshellmund.com\\\/cartel-exposicion-fotografica\\\/#breadcrumb\"},\"inLanguage\":\"en-US\",\"potentialAction\":[{\"@type\":\"ReadAction\",\"target\":[\"https:\\\/\\\/ineshellmund.com\\\/cartel-exposicion-fotografica\\\/\"]}]},{\"@type\":\"ImageObject\",\"inLanguage\":\"en-US\",\"@id\":\"https:\\\/\\\/ineshellmund.com\\\/cartel-exposicion-fotografica\\\/#primaryimage\",\"url\":\"https:\\\/\\\/ineshellmund.com\\\/wp-content\\\/uploads\\\/2024\\\/10\\\/Cartel-Amalia-ines-hellmund.webp\",\"contentUrl\":\"https:\\\/\\\/ineshellmund.com\\\/wp-content\\\/uploads\\\/2024\\\/10\\\/Cartel-Amalia-ines-hellmund.webp\",\"width\":2048,\"height\":2048},{\"@type\":\"BreadcrumbList\",\"@id\":\"https:\\\/\\\/ineshellmund.com\\\/cartel-exposicion-fotografica\\\/#breadcrumb\",\"itemListElement\":[{\"@type\":\"ListItem\",\"position\":1,\"name\":\"Portada\",\"item\":\"https:\\\/\\\/ineshellmund.com\\\/\"},{\"@type\":\"ListItem\",\"position\":2,\"name\":\"Cartel momentos de luz\"}]},{\"@type\":\"WebSite\",\"@id\":\"https:\\\/\\\/ineshellmund.com\\\/#website\",\"url\":\"https:\\\/\\\/ineshellmund.com\\\/\",\"name\":\"ineshellmund.com\",\"description\":\"\",\"publisher\":{\"@id\":\"https:\\\/\\\/ineshellmund.com\\\/#organization\"},\"potentialAction\":[{\"@type\":\"SearchAction\",\"target\":{\"@type\":\"EntryPoint\",\"urlTemplate\":\"https:\\\/\\\/ineshellmund.com\\\/?s={search_term_string}\"},\"query-input\":{\"@type\":\"PropertyValueSpecification\",\"valueRequired\":true,\"valueName\":\"search_term_string\"}}],\"inLanguage\":\"en-US\"},{\"@type\":\"Organization\",\"@id\":\"https:\\\/\\\/ineshellmund.com\\\/#organization\",\"name\":\"ineshellmund.com\",\"url\":\"https:\\\/\\\/ineshellmund.com\\\/\",\"logo\":{\"@type\":\"ImageObject\",\"inLanguage\":\"en-US\",\"@id\":\"https:\\\/\\\/ineshellmund.com\\\/#\\\/schema\\\/logo\\\/image\\\/\",\"url\":\"https:\\\/\\\/ineshellmund.com\\\/wp-content\\\/uploads\\\/2024\\\/10\\\/Identificador-ines-hellmund_Mesa-de-trabajo-1-1-scaled.webp\",\"contentUrl\":\"https:\\\/\\\/ineshellmund.com\\\/wp-content\\\/uploads\\\/2024\\\/10\\\/Identificador-ines-hellmund_Mesa-de-trabajo-1-1-scaled.webp\",\"width\":2560,\"height\":1439,\"caption\":\"ineshellmund.com\"},\"image\":{\"@id\":\"https:\\\/\\\/ineshellmund.com\\\/#\\\/schema\\\/logo\\\/image\\\/\"}},{\"@type\":\"Person\",\"@id\":\"https:\\\/\\\/ineshellmund.com\\\/#\\\/schema\\\/person\\\/f6d92807f8b21d38dbbc6025e180fd6a\",\"name\":\"inhellmund@hotmail.es\",\"image\":{\"@type\":\"ImageObject\",\"inLanguage\":\"en-US\",\"@id\":\"https:\\\/\\\/secure.gravatar.com\\\/avatar\\\/ddf33ee5cbfa848306a9dbd72785d55e4bc80fcda2824f3e6a5b4833c884fe23?s=96&d=mm&r=g\",\"url\":\"https:\\\/\\\/secure.gravatar.com\\\/avatar\\\/ddf33ee5cbfa848306a9dbd72785d55e4bc80fcda2824f3e6a5b4833c884fe23?s=96&d=mm&r=g\",\"contentUrl\":\"https:\\\/\\\/secure.gravatar.com\\\/avatar\\\/ddf33ee5cbfa848306a9dbd72785d55e4bc80fcda2824f3e6a5b4833c884fe23?s=96&d=mm&r=g\",\"caption\":\"inhellmund@hotmail.es\"},\"sameAs\":[\"https:\\\/\\\/ineshellmund.com\"],\"url\":\"https:\\\/\\\/ineshellmund.com\\\/en\\\/author\\\/inhellmundhotmail-es\\\/\"}]}<\/script>\n<!-- \/ Yoast SEO plugin. -->","yoast_head_json":{"title":"Cartel momentos de luz - ineshellmund.com","robots":{"index":"index","follow":"follow","max-snippet":"max-snippet:-1","max-image-preview":"max-image-preview:large","max-video-preview":"max-video-preview:-1"},"canonical":"https:\/\/ineshellmund.com\/en\/cartel-exposicion-fotografica\/","og_locale":"en_US","og_type":"article","og_title":"Cartel momentos de luz - ineshellmund.com","og_description":"Cartel momentos de luz A\u00d1O:\u00a02022 CLIENTE: Colecci\u00f3n privada Carmen Tur\u00e9gano CATEGOR\u00cdA: Carteler\u00eda, dise\u00f1o publicitario INDESIGN PHOTOSHOP Este cartel fue dise\u00f1ado para una exposici\u00f3n de fotograf\u00edas","og_url":"https:\/\/ineshellmund.com\/en\/cartel-exposicion-fotografica\/","og_site_name":"ineshellmund.com","article_published_time":"2024-10-28T11:46:09+00:00","article_modified_time":"2026-09-03T14:18:33+00:00","og_image":[{"width":2048,"height":2048,"url":"https:\/\/ineshellmund.com\/wp-content\/uploads\/2024\/10\/Cartel-Amalia-ines-hellmund.webp","type":"image\/webp"}],"author":"inhellmund@hotmail.es","twitter_card":"summary_large_image","twitter_misc":{"Written by":"inhellmund@hotmail.es","Est. reading time":"3 minutes"},"schema":{"@context":"https:\/\/schema.org","@graph":[{"@type":"Article","@id":"https:\/\/ineshellmund.com\/cartel-exposicion-fotografica\/#article","isPartOf":{"@id":"https:\/\/ineshellmund.com\/cartel-exposicion-fotografica\/"},"author":{"name":"inhellmund@hotmail.es","@id":"https:\/\/ineshellmund.com\/#\/schema\/person\/f6d92807f8b21d38dbbc6025e180fd6a"},"headline":"Cartel momentos de luz","datePublished":"2024-10-28T11:46:09+00:00","dateModified":"2026-09-03T14:18:33+00:00","mainEntityOfPage":{"@id":"https:\/\/ineshellmund.com\/cartel-exposicion-fotografica\/"},"wordCount":164,"publisher":{"@id":"https:\/\/ineshellmund.com\/#organization"},"image":{"@id":"https:\/\/ineshellmund.com\/cartel-exposicion-fotografica\/#primaryimage"},"thumbnailUrl":"https:\/\/ineshellmund.com\/wp-content\/uploads\/2024\/10\/Cartel-Amalia-ines-hellmund.webp","articleSection":["Carteler\u00eda","Dise\u00f1o publicitario"],"inLanguage":"en-US"},{"@type":"WebPage","@id":"https:\/\/ineshellmund.com\/cartel-exposicion-fotografica\/","url":"https:\/\/ineshellmund.com\/cartel-exposicion-fotografica\/","name":"Cartel momentos de luz - ineshellmund.com","isPartOf":{"@id":"https:\/\/ineshellmund.com\/#website"},"primaryImageOfPage":{"@id":"https:\/\/ineshellmund.com\/cartel-exposicion-fotografica\/#primaryimage"},"image":{"@id":"https:\/\/ineshellmund.com\/cartel-exposicion-fotografica\/#primaryimage"},"thumbnailUrl":"https:\/\/ineshellmund.com\/wp-content\/uploads\/2024\/10\/Cartel-Amalia-ines-hellmund.webp","datePublished":"2024-10-28T11:46:09+00:00","dateModified":"2026-09-03T14:18:33+00:00","breadcrumb":{"@id":"https:\/\/ineshellmund.com\/cartel-exposicion-fotografica\/#breadcrumb"},"inLanguage":"en-US","potentialAction":[{"@type":"ReadAction","target":["https:\/\/ineshellmund.com\/cartel-exposicion-fotografica\/"]}]},{"@type":"ImageObject","inLanguage":"en-US","@id":"https:\/\/ineshellmund.com\/cartel-exposicion-fotografica\/#primaryimage","url":"https:\/\/ineshellmund.com\/wp-content\/uploads\/2024\/10\/Cartel-Amalia-ines-hellmund.webp","contentUrl":"https:\/\/ineshellmund.com\/wp-content\/uploads\/2024\/10\/Cartel-Amalia-ines-hellmund.webp","width":2048,"height":2048},{"@type":"BreadcrumbList","@id":"https:\/\/ineshellmund.com\/cartel-exposicion-fotografica\/#breadcrumb","itemListElement":[{"@type":"ListItem","position":1,"name":"Portada","item":"https:\/\/ineshellmund.com\/"},{"@type":"ListItem","position":2,"name":"Cartel momentos de luz"}]},{"@type":"WebSite","@id":"https:\/\/ineshellmund.com\/#website","url":"https:\/\/ineshellmund.com\/","name":"ineshellmund.com","description":"","publisher":{"@id":"https:\/\/ineshellmund.com\/#organization"},"potentialAction":[{"@type":"SearchAction","target":{"@type":"EntryPoint","urlTemplate":"https:\/\/ineshellmund.com\/?s={search_term_string}"},"query-input":{"@type":"PropertyValueSpecification","valueRequired":true,"valueName":"search_term_string"}}],"inLanguage":"en-US"},{"@type":"Organization","@id":"https:\/\/ineshellmund.com\/#organization","name":"ineshellmund.com","url":"https:\/\/ineshellmund.com\/","logo":{"@type":"ImageObject","inLanguage":"en-US","@id":"https:\/\/ineshellmund.com\/#\/schema\/logo\/image\/","url":"https:\/\/ineshellmund.com\/wp-content\/uploads\/2024\/10\/Identificador-ines-hellmund_Mesa-de-trabajo-1-1-scaled.webp","contentUrl":"https:\/\/ineshellmund.com\/wp-content\/uploads\/2024\/10\/Identificador-ines-hellmund_Mesa-de-trabajo-1-1-scaled.webp","width":2560,"height":1439,"caption":"ineshellmund.com"},"image":{"@id":"https:\/\/ineshellmund.com\/#\/schema\/logo\/image\/"}},{"@type":"Person","@id":"https:\/\/ineshellmund.com\/#\/schema\/person\/f6d92807f8b21d38dbbc6025e180fd6a","name":"inhellmund@hotmail.es","image":{"@type":"ImageObject","inLanguage":"en-US","@id":"https:\/\/secure.gravatar.com\/avatar\/ddf33ee5cbfa848306a9dbd72785d55e4bc80fcda2824f3e6a5b4833c884fe23?s=96&d=mm&r=g","url":"https:\/\/secure.gravatar.com\/avatar\/ddf33ee5cbfa848306a9dbd72785d55e4bc80fcda2824f3e6a5b4833c884fe23?s=96&d=mm&r=g","contentUrl":"https:\/\/secure.gravatar.com\/avatar\/ddf33ee5cbfa848306a9dbd72785d55e4bc80fcda2824f3e6a5b4833c884fe23?s=96&d=mm&r=g","caption":"inhellmund@hotmail.es"},"sameAs":["https:\/\/ineshellmund.com"],"url":"https:\/\/ineshellmund.com\/en\/author\/inhellmundhotmail-es\/"}]}},"_links":{"self":[{"href":"https:\/\/ineshellmund.com\/en\/wp-json\/wp\/v2\/posts\/1118","targetHints":{"allow":["GET"]}}],"collection":[{"href":"https:\/\/ineshellmund.com\/en\/wp-json\/wp\/v2\/posts"}],"about":[{"href":"https:\/\/ineshellmund.com\/en\/wp-json\/wp\/v2\/types\/post"}],"author":[{"embeddable":true,"href":"https:\/\/ineshellmund.com\/en\/wp-json\/wp\/v2\/users\/1"}],"replies":[{"embeddable":true,"href":"https:\/\/ineshellmund.com\/en\/wp-json\/wp\/v2\/comments?post=1118"}],"version-history":[{"count":90,"href":"https:\/\/ineshellmund.com\/en\/wp-json\/wp\/v2\/posts\/1118\/revisions"}],"predecessor-version":[{"id":2953,"href":"https:\/\/ineshellmund.com\/en\/wp-json\/wp\/v2\/posts\/1118\/revisions\/2953"}],"wp:featuredmedia":[{"embeddable":true,"href":"https:\/\/ineshellmund.com\/en\/wp-json\/wp\/v2\/media\/1119"}],"wp:attachment":[{"href":"https:\/\/ineshellmund.com\/en\/wp-json\/wp\/v2\/media?parent=1118"}],"wp:term":[{"taxonomy":"category","embeddable":true,"href":"https:\/\/ineshellmund.com\/en\/wp-json\/wp\/v2\/categories?post=1118"},{"taxonomy":"post_tag","embeddable":true,"href":"https:\/\/ineshellmund.com\/en\/wp-json\/wp\/v2\/tags?post=1118"}],"curies":[{"name":"wp","href":"https:\/\/api.w.org\/{rel}","templated":true}]}}